{"id":381,"date":"2015-05-20T11:31:50","date_gmt":"2015-05-20T09:31:50","guid":{"rendered":"http:\/\/www.mittlereniers.de\/wp\/?p=381"},"modified":"2022-06-08T08:02:36","modified_gmt":"2022-06-08T06:02:36","slug":"24-05-2015-baustellenbesichtigung-gewaesserausbau-06-04","status":"publish","type":"post","link":"http:\/\/www.mittlereniers.de\/wp\/24-05-2015-baustellenbesichtigung-gewaesserausbau-06-04\/","title":{"rendered":"24.05.2015: Baustellenbesichtigung Gew\u00e4sserausbau 06.04"},"content":{"rendered":"<p>Der Wasser- und Bodenverband der Mittleren Niers bietet am Pfingstsonntag, 24.05.2015, von 10:00 bis 11:30 Uhr im Rahmen des Veranstaltungsprogramms des <a href=\"http:\/\/www.npsn.de\/\" target=\"_blank\" rel=\"noopener\">Naturparks Schwalm-Nette<\/a> eine Baustellenbesichtigung f\u00fcr den <a href=\"http:\/\/www.mittlereniers.de\/wp\/projekte\/2015-2\/naturnaher-gewaesserausbau-06-04-in-grefrath-vinkrath\/\">Gew\u00e4sserausbau 06.04<\/a> an der M\u00f6rtelsstra\u00dfe an. Gegenstand ist die Besichtigung der Baustelle und Vorstellung der Planung und der mit dem Gew\u00e4sserausbau verfolgten Ziele.<\/p>\n<figure id=\"attachment_382\" aria-describedby=\"caption-attachment-382\" style=\"width: 300px\" class=\"wp-caption alignleft\"><a href=\"http:\/\/www.mittlereniers.de\/wp\/wp-content\/uploads\/2015\/11\/2015.05.13_Foto-Baustelle.jpg\"><img decoding=\"async\" loading=\"lazy\" class=\"size-medium wp-image-382\" src=\"http:\/\/www.mittlereniers.de\/wp\/wp-content\/uploads\/2015\/11\/2015.05.13_Foto-Baustelle-300x225.jpg\" alt=\"Bauma\u00dfnahme w\u00e4hrend der Bauzeit\" width=\"300\" height=\"225\" srcset=\"http:\/\/www.mittlereniers.de\/wp\/wp-content\/uploads\/2015\/11\/2015.05.13_Foto-Baustelle-300x225.jpg 300w, http:\/\/www.mittlereniers.de\/wp\/wp-content\/uploads\/2015\/11\/2015.05.13_Foto-Baustelle-1024x768.jpg 1024w, http:\/\/www.mittlereniers.de\/wp\/wp-content\/uploads\/2015\/11\/2015.05.13_Foto-Baustelle-1260x945.jpg 1260w, http:\/\/www.mittlereniers.de\/wp\/wp-content\/uploads\/2015\/11\/2015.05.13_Foto-Baustelle.jpg 1600w\" sizes=\"(max-width: 300px) 100vw, 300px\" \/><\/a><figcaption id=\"caption-attachment-382\" class=\"wp-caption-text\">Bauma\u00dfnahme w\u00e4hrend der Bauzeit<\/figcaption><\/figure>\n<p>Die Teilnahme ist kostenlos. Anmeldungen k\u00f6nnen bis zum 22.05.2015, 12:00 Uhr unter Telefon 02158-4081980 oder per E-Mail an info@mittlereniers.de erfolgen. Da die Ausf\u00fchrung der Bauma\u00dfnahme bereits begonnen hat, sollten die Teilnehmer bevorzugt festes Schuhwerk und robuste Kleidung tragen.<\/p>\n<p>Treffpunkt ist die Umgehungsstra\u00dfe K12, Ecke Heide vor Hausnummer 63 oder alternativ der Wendehammer im Neubaugebiet M\u00f6rtelsstra\u00dfe vor dem Baustellenschild.<\/p>\n<h2>Weitere Informationen zum Thema:<\/h2>\n<ul>\n<li><a href=\"http:\/\/www.mittlereniers.de\/wp\/projekte\/2015-2\/naturnaher-gewaesserausbau-06-04-in-grefrath-vinkrath\/\">Naturnaher Gew\u00e4sserausbau 06.04 in Grefrath-Vinkrath<\/a><\/li>\n<li><a href=\"http:\/\/www.mittlereniers.de\/wp\/wp-content\/uploads\/2015\/05\/2015.05.13_Pressemitteilung_NP_Schwalm-Nette-M\u00f6rtelsstra\u00dfe.pdf\">13.05.2015: Pressemitteilung M\u00f6rtelsstra\u00dfe<\/a><\/li>\n<li><a href=\"http:\/\/www.mittlereniers.de\/wp\/13-09-2015-zweite-baustellenbesichtigung-gewaesserausbau-06-04\/\">13.09.2015: Zweite Baustellenbesichtigung Gew\u00e4sserausbau 06.04<\/a><\/li>\n<li><a href=\"http:\/\/www.mittlereniers.de\/wp\/wp-content\/uploads\/2015\/09\/2015.09.03_Pressemitteilung_NP_Schwalm-Nette-M\u00f6rtelsstra\u00dfe-II.pdf\">03.09.2015: Pressemitteilung M\u00f6rtelsstra\u00dfe II<\/a><\/li>\n<\/ul>\n\n\n<p style=\"font-size:10px\">Verfasser: Dr. Dagmar Spona<\/p>\n","protected":false},"excerpt":{"rendered":"<p>Der Wasser- und Bodenverband der Mittleren Niers bietet am Pfingstsonntag, 24.05.2015, von 10:00 bis 11:30 Uhr im Rahmen des Veranstaltungsprogramms des Naturparks Schwalm-Nette eine Baustellenbesichtigung f\u00fcr den Gew\u00e4sserausbau 06.04 an der M\u00f6rtelsstra\u00dfe an. Gegenstand ist die Besichtigung der Baustelle und Vorstellung der Planung und der mit dem Gew\u00e4sserausbau verfolgten Ziele. Die Teilnahme ist kostenlos. Anmeldungen&hellip; <\/p>\n<p class=\"toivo-read-more\"><a href=\"http:\/\/www.mittlereniers.de\/wp\/24-05-2015-baustellenbesichtigung-gewaesserausbau-06-04\/\" class=\"more-link\">Lesen Sie mehr <span class=\"screen-reader-text\">24.05.2015: Baustellenbesichtigung Gew\u00e4sserausbau 06.04<\/span><\/a><\/p>\n","protected":false},"author":10,"featured_media":360,"comment_status":"closed","ping_status":"closed","sticky":false,"template":"","format":"standard","meta":[],"categories":[52,53],"tags":[16,31,30,15,17,14,32,28],"_links":{"self":[{"href":"http:\/\/www.mittlereniers.de\/wp\/wp-json\/wp\/v2\/posts\/381"}],"collection":[{"href":"http:\/\/www.mittlereniers.de\/wp\/wp-json\/wp\/v2\/posts"}],"about":[{"href":"http:\/\/www.mittlereniers.de\/wp\/wp-json\/wp\/v2\/types\/post"}],"author":[{"embeddable":true,"href":"http:\/\/www.mittlereniers.de\/wp\/wp-json\/wp\/v2\/users\/10"}],"replies":[{"embeddable":true,"href":"http:\/\/www.mittlereniers.de\/wp\/wp-json\/wp\/v2\/comments?post=381"}],"version-history":[{"count":10,"href":"http:\/\/www.mittlereniers.de\/wp\/wp-json\/wp\/v2\/posts\/381\/revisions"}],"predecessor-version":[{"id":2442,"href":"http:\/\/www.mittlereniers.de\/wp\/wp-json\/wp\/v2\/posts\/381\/revisions\/2442"}],"wp:featuredmedia":[{"embeddable":true,"href":"http:\/\/www.mittlereniers.de\/wp\/wp-json\/wp\/v2\/media\/360"}],"wp:attachment":[{"href":"http:\/\/www.mittlereniers.de\/wp\/wp-json\/wp\/v2\/media?parent=381"}],"wp:term":[{"taxonomy":"category","embeddable":true,"href":"http:\/\/www.mittlereniers.de\/wp\/wp-json\/wp\/v2\/categories?post=381"},{"taxonomy":"post_tag","embeddable":true,"href":"http:\/\/www.mittlereniers.de\/wp\/wp-json\/wp\/v2\/tags?post=381"}],"curies":[{"name":"wp","href":"https:\/\/api.w.org\/{rel}","templated":true}]}}