{"id":809,"date":"2016-04-08T14:08:10","date_gmt":"2016-04-08T12:08:10","guid":{"rendered":"http:\/\/www.mittlereniers.de\/wp\/?p=809"},"modified":"2022-06-08T08:00:38","modified_gmt":"2022-06-08T06:00:38","slug":"2-4-2016-baubeginn-fuer-die-renaturierung-des-zweigkanals-im-muendungsbereich","status":"publish","type":"post","link":"http:\/\/www.mittlereniers.de\/wp\/2-4-2016-baubeginn-fuer-die-renaturierung-des-zweigkanals-im-muendungsbereich\/","title":{"rendered":"2.4.2016: Baubeginn f\u00fcr die Renaturierung des Zweigkanals im M\u00fcndungsbereich"},"content":{"rendered":"<p>Wie bereits im <a href=\"http:\/\/www.mittlereniers.de\/wp\/projekte\/2016-2\/gewaesserrenaturierung-zweigkanal-muendung\/\">letzten Jahr vorgestellt<\/a>, soll der Zweigkanal im M\u00fcndungsbereich renaturiert werden. Die Umsetzung der Ma\u00dfnahme hat mit ersten Vermessungsarbeiten am 02.4.2016 begonnen. Am folgenden Dienstag, dem 12.4.2016 werden voraussichtlich die ersten Erdarbeiten beginnen.<\/p>\n<p>F\u00fcr die Umsetzung der Ma\u00dfnahme wurden etwa 8-10 reine Arbeitswochen eingeplant. Auf der insgesamt fast 3.000 m\u00b2 gro\u00dfen Fl\u00e4che m\u00fcssen ca. 5.000 m\u00b3 Erde bewegt werden. Sowohl dies als auch die erforderliche Bepflanzung sind witterungsabh\u00e4ngig, was zu einer zeitlichen Streckung bei der Bauausf\u00fchrung f\u00fchren kann.<\/p>\n<h2>Weitere Informationen zu diesem Thema:<\/h2>\n<ul>\n<li><a href=\"http:\/\/www.mittlereniers.de\/wp\/projekte\/2016-2\/gewaesserrenaturierung-zweigkanal-muendung\/\">Gew\u00e4sserrenaturierung Zweigkanal, M\u00fcndungsbereich<\/a><\/li>\n<li><a href=\"http:\/\/www.mittlereniers.de\/wp\/projekte\/2009-2\/pilotprojekt-zweigkanal\/\">Pilotprojekt Zweigkanal<\/a><\/li>\n<\/ul>\n<p>&nbsp;<\/p>\n\n\n<p style=\"font-size:10px\">Verfasser: Dr. Dagmar Spona<\/p>\n","protected":false},"excerpt":{"rendered":"<p>Wie bereits im letzten Jahr vorgestellt, soll der Zweigkanal im M\u00fcndungsbereich renaturiert werden. Die Umsetzung der Ma\u00dfnahme hat mit ersten Vermessungsarbeiten am 02.4.2016 begonnen. Am folgenden Dienstag, dem 12.4.2016 werden voraussichtlich die ersten Erdarbeiten beginnen. F\u00fcr die Umsetzung der Ma\u00dfnahme wurden etwa 8-10 reine Arbeitswochen eingeplant. Auf der insgesamt fast 3.000 m\u00b2 gro\u00dfen Fl\u00e4che m\u00fcssen&hellip; <\/p>\n<p class=\"toivo-read-more\"><a href=\"http:\/\/www.mittlereniers.de\/wp\/2-4-2016-baubeginn-fuer-die-renaturierung-des-zweigkanals-im-muendungsbereich\/\" class=\"more-link\">Lesen Sie mehr <span class=\"screen-reader-text\">2.4.2016: Baubeginn f\u00fcr die Renaturierung des Zweigkanals im M\u00fcndungsbereich<\/span><\/a><\/p>\n","protected":false},"author":10,"featured_media":720,"comment_status":"closed","ping_status":"open","sticky":false,"template":"","format":"standard","meta":[],"categories":[52],"tags":[89,88,15,87,29,28,26],"_links":{"self":[{"href":"http:\/\/www.mittlereniers.de\/wp\/wp-json\/wp\/v2\/posts\/809"}],"collection":[{"href":"http:\/\/www.mittlereniers.de\/wp\/wp-json\/wp\/v2\/posts"}],"about":[{"href":"http:\/\/www.mittlereniers.de\/wp\/wp-json\/wp\/v2\/types\/post"}],"author":[{"embeddable":true,"href":"http:\/\/www.mittlereniers.de\/wp\/wp-json\/wp\/v2\/users\/10"}],"replies":[{"embeddable":true,"href":"http:\/\/www.mittlereniers.de\/wp\/wp-json\/wp\/v2\/comments?post=809"}],"version-history":[{"count":4,"href":"http:\/\/www.mittlereniers.de\/wp\/wp-json\/wp\/v2\/posts\/809\/revisions"}],"predecessor-version":[{"id":2430,"href":"http:\/\/www.mittlereniers.de\/wp\/wp-json\/wp\/v2\/posts\/809\/revisions\/2430"}],"wp:featuredmedia":[{"embeddable":true,"href":"http:\/\/www.mittlereniers.de\/wp\/wp-json\/wp\/v2\/media\/720"}],"wp:attachment":[{"href":"http:\/\/www.mittlereniers.de\/wp\/wp-json\/wp\/v2\/media?parent=809"}],"wp:term":[{"taxonomy":"category","embeddable":true,"href":"http:\/\/www.mittlereniers.de\/wp\/wp-json\/wp\/v2\/categories?post=809"},{"taxonomy":"post_tag","embeddable":true,"href":"http:\/\/www.mittlereniers.de\/wp\/wp-json\/wp\/v2\/tags?post=809"}],"curies":[{"name":"wp","href":"https:\/\/api.w.org\/{rel}","templated":true}]}}